{"id":271,"date":"2024-10-28T16:47:09","date_gmt":"2024-10-28T16:47:09","guid":{"rendered":"https:\/\/goldencalb.de\/?p=271"},"modified":"2025-12-30T15:41:21","modified_gmt":"2025-12-30T15:41:21","slug":"marianne-breslauer-reisebilder","status":"publish","type":"post","link":"https:\/\/goldencalb.de\/?p=271","title":{"rendered":"Marianne Breslauer: Reisebilder"},"content":{"rendered":"\n<blockquote class=\"wp-block-quote is-layout-flow wp-block-quote-is-layout-flow\">\n<p>\u201eNun war man also ein \u201aNicht-Arier\u2018 und durfte seine Photos in Deutschland nicht mehr publizieren, obwohl man als junge deutsche Frau von einer deutschen Presseagentur nach Spanien geschickt worden war.\u201c<\/p>\n\n\n\n<p>Marianne Breslauer, Fr\u00fchjahr 1933<\/p>\n<\/blockquote>\n\n\n\n<div class=\"wp-block-columns is-layout-flex wp-container-core-columns-is-layout-28f84493 wp-block-columns-is-layout-flex\">\n<div class=\"wp-block-column is-layout-flow wp-block-column-is-layout-flow\" style=\"flex-basis:100%\">\n<div class=\"wp-block-jetpack-tiled-gallery aligncenter is-style-rectangular\"><div class=\"\"><div class=\"tiled-gallery__gallery\"><div class=\"tiled-gallery__row\"><div class=\"tiled-gallery__col\" style=\"flex-basis:52.08714%\"><figure class=\"tiled-gallery__item\"><img decoding=\"async\" srcset=\"https:\/\/i0.wp.com\/goldencalb.de\/wp-content\/uploads\/2024\/10\/1-731x1024.jpg?strip=info&#038;w=600&#038;ssl=1 600w,https:\/\/i0.wp.com\/goldencalb.de\/wp-content\/uploads\/2024\/10\/1-731x1024.jpg?strip=info&#038;w=900&#038;ssl=1 900w,https:\/\/i0.wp.com\/goldencalb.de\/wp-content\/uploads\/2024\/10\/1-731x1024.jpg?strip=info&#038;w=1200&#038;ssl=1 1200w,https:\/\/i0.wp.com\/goldencalb.de\/wp-content\/uploads\/2024\/10\/1-731x1024.jpg?strip=info&#038;w=1428&#038;ssl=1 1428w\" alt=\"\" data-height=\"2000\" data-id=\"344\" data-link=\"https:\/\/goldencalb.de\/?attachment_id=344\" data-url=\"https:\/\/goldencalb.de\/wp-content\/uploads\/2024\/10\/1-731x1024.jpg\" data-width=\"1428\" src=\"https:\/\/i0.wp.com\/goldencalb.de\/wp-content\/uploads\/2024\/10\/1-731x1024.jpg?ssl=1\" data-amp-layout=\"responsive\"\/><\/figure><\/div><div class=\"tiled-gallery__col\" style=\"flex-basis:47.91286%\"><figure class=\"tiled-gallery__item\"><img decoding=\"async\" srcset=\"https:\/\/i0.wp.com\/goldencalb.de\/wp-content\/uploads\/2024\/10\/7EB713A8-0E41-40B7-80E5-A4DFD0744A52-1-1024x799.jpeg?strip=info&#038;w=600&#038;ssl=1 600w,https:\/\/i0.wp.com\/goldencalb.de\/wp-content\/uploads\/2024\/10\/7EB713A8-0E41-40B7-80E5-A4DFD0744A52-1-1024x799.jpeg?strip=info&#038;w=900&#038;ssl=1 900w,https:\/\/i0.wp.com\/goldencalb.de\/wp-content\/uploads\/2024\/10\/7EB713A8-0E41-40B7-80E5-A4DFD0744A52-1-1024x799.jpeg?strip=info&#038;w=1200&#038;ssl=1 1200w,https:\/\/i0.wp.com\/goldencalb.de\/wp-content\/uploads\/2024\/10\/7EB713A8-0E41-40B7-80E5-A4DFD0744A52-1-1024x799.jpeg?strip=info&#038;w=1500&#038;ssl=1 1500w,https:\/\/i0.wp.com\/goldencalb.de\/wp-content\/uploads\/2024\/10\/7EB713A8-0E41-40B7-80E5-A4DFD0744A52-1-1024x799.jpeg?strip=info&#038;w=1800&#038;ssl=1 1800w,https:\/\/i0.wp.com\/goldencalb.de\/wp-content\/uploads\/2024\/10\/7EB713A8-0E41-40B7-80E5-A4DFD0744A52-1-1024x799.jpeg?strip=info&#038;w=2000&#038;ssl=1 2000w\" alt=\"\" data-height=\"1998\" data-id=\"351\" data-link=\"https:\/\/goldencalb.de\/?attachment_id=351\" data-url=\"https:\/\/goldencalb.de\/wp-content\/uploads\/2024\/10\/7EB713A8-0E41-40B7-80E5-A4DFD0744A52-1-1024x799.jpeg\" data-width=\"2560\" src=\"https:\/\/i0.wp.com\/goldencalb.de\/wp-content\/uploads\/2024\/10\/7EB713A8-0E41-40B7-80E5-A4DFD0744A52-1-1024x799.jpeg?ssl=1\" data-amp-layout=\"responsive\"\/><\/figure><figure class=\"tiled-gallery__item\"><img decoding=\"async\" srcset=\"https:\/\/i0.wp.com\/goldencalb.de\/wp-content\/uploads\/2024\/10\/FAB2C5C6-26E1-49AE-B0A2-8E8E990AA353-1-1024x753.jpeg?strip=info&#038;w=600&#038;ssl=1 600w,https:\/\/i0.wp.com\/goldencalb.de\/wp-content\/uploads\/2024\/10\/FAB2C5C6-26E1-49AE-B0A2-8E8E990AA353-1-1024x753.jpeg?strip=info&#038;w=900&#038;ssl=1 900w,https:\/\/i0.wp.com\/goldencalb.de\/wp-content\/uploads\/2024\/10\/FAB2C5C6-26E1-49AE-B0A2-8E8E990AA353-1-1024x753.jpeg?strip=info&#038;w=1200&#038;ssl=1 1200w,https:\/\/i0.wp.com\/goldencalb.de\/wp-content\/uploads\/2024\/10\/FAB2C5C6-26E1-49AE-B0A2-8E8E990AA353-1-1024x753.jpeg?strip=info&#038;w=1500&#038;ssl=1 1500w,https:\/\/i0.wp.com\/goldencalb.de\/wp-content\/uploads\/2024\/10\/FAB2C5C6-26E1-49AE-B0A2-8E8E990AA353-1-1024x753.jpeg?strip=info&#038;w=1707&#038;ssl=1 1707w\" alt=\"\" data-height=\"1255\" data-id=\"352\" data-link=\"https:\/\/goldencalb.de\/?attachment_id=352\" data-url=\"https:\/\/goldencalb.de\/wp-content\/uploads\/2024\/10\/FAB2C5C6-26E1-49AE-B0A2-8E8E990AA353-1-1024x753.jpeg\" data-width=\"1707\" src=\"https:\/\/i0.wp.com\/goldencalb.de\/wp-content\/uploads\/2024\/10\/FAB2C5C6-26E1-49AE-B0A2-8E8E990AA353-1-1024x753.jpeg?ssl=1\" data-amp-layout=\"responsive\"\/><\/figure><\/div><\/div><\/div><\/div><\/div>\n<\/div>\n<\/div>\n\n\n\n<p class=\"has-text-align-left has-small-font-size\">Marianne Breslauer ist vor allem als Portr\u00e4tfotografin und Ikone der \u201eNeuen Frau\u201c der 1920er-Jahre bekannt. Weniger beachtet sind bisher ihre Reisefotografien der 1920er- und 1930er-Jahre, die sie in Fotoalben kuratierte und mit auf die Flucht aus Deutschland und in das Schweizer Exil nahm. W\u00e4hrend ihres \u201ezweiten Lebens\u201c als erfolgreiche Kunsth\u00e4ndlerin bewahrte sie die Alben \u00fcber Jahrzehnte im Archiv auf.<br>\u201eMarianne Breslauer \u2013 Reisebilder\u201c&nbsp;macht die einzigartigen, \u201eunentdeckten\u201d fotografischen Reisetageb\u00fccher der Marianne Breslauer nun erstmals zug\u00e4nglich. Der gro\u00dfformatige Band enth\u00e4lt unver\u00f6ffentlichte, sorgsam kuratierte und restaurierte Aufnahmen, und die Herausgeber&nbsp;lassen damit nicht nur die von Marianne Breslauer bereisten Orte lebendig werden, sondern erz\u00e4hlen auch die Geschichte der Fotografin selbst. Das Werk bietet damit eine wertvolle Quelle zur Biografie der K\u00fcnstlerin ebenso wie zur Geschichte der europ\u00e4ischen Fotografie der Zwischenkriegszeit.<br><br>Eine Besprechung in der Welt am Sonntag finden Sie hier: <a href=\"https:\/\/www.welt.de\/geschichte\/article256198238\/marianne-breslauer-in-palaestina-das-gefuehl-als-mensch-nur-ein-sandkorn-der-wueste-zu-sein.html\">https:\/\/www.welt.de\/geschichte\/article256198238\/marianne-breslauer-in-palaestina-das-gefuehl-als-mannur-ein-sandkorn-der-wueste-zu-sein.html<\/a><\/p>\n\n\n\n<p class=\"has-text-align-center\">***<\/p>\n\n\n\n<p>Marianne Breslauer is best known as a portrait photographer and an icon of the &#8222;New Woman&#8220; of the 1920s. Less attention has been given to her travel photography from the 1920s and 1930s, which she curated in photo albums and carried with her during her flight from Germany to Swiss exile. During her \u201csecond life\u201d as a successful art dealer, she preserved these albums in her archive for decades.<\/p>\n\n\n\n<p><em>Marianne Breslauer \u2013 Travel Photographs<\/em>&nbsp;now makes these unique, previously \u201cundiscovered\u201d photographic travel diaries accessible for the first time. This large-format volume features unpublished, meticulously curated and restored images, bringing to life not only the places Marianne Breslauer visited but also the story of the photographer herself. The work serves as a valuable resource for understanding the artist\u2019s biography as well as the history of European photography during the interwar period.<\/p>\n\n\n\n<blockquote class=\"wp-block-quote is-layout-flow wp-block-quote-is-layout-flow\">\n<p>Kirstin Buchinger &amp; Walter Feilchenfeldt<br>Marianne Breslauer: Reisebilder \/ Travel Pictures<br>Erscheinungstermin: 09.12.2024<br>ISBN: 978-3-944546-01-8<br>132 Seiten, Hardcover<\/p>\n<\/blockquote>\n\n\n\n<div class=\"wp-block-buttons is-layout-flex wp-block-buttons-is-layout-flex\">\n<div class=\"wp-block-button\"><a class=\"wp-block-button__link wp-element-button\" href=\"https:\/\/goldencalb.de\/?product=332\">Zum Buch<\/a><\/div>\n<\/div>\n\n\n\n<figure class=\"wp-block-gallery has-nested-images columns-default is-cropped wp-block-gallery-1 is-layout-flex wp-block-gallery-is-layout-flex\">\n<figure class=\"wp-block-image size-large\"><img loading=\"lazy\" decoding=\"async\" width=\"1024\" height=\"683\" data-id=\"387\" src=\"https:\/\/goldencalb.de\/wp-content\/uploads\/2024\/10\/mockup-neu-1-1024x683.jpg\" alt=\"\" class=\"wp-image-387\" srcset=\"https:\/\/goldencalb.de\/wp-content\/uploads\/2024\/10\/mockup-neu-1-1024x683.jpg 1024w, https:\/\/goldencalb.de\/wp-content\/uploads\/2024\/10\/mockup-neu-1-300x200.jpg 300w, https:\/\/goldencalb.de\/wp-content\/uploads\/2024\/10\/mockup-neu-1.jpg 1200w\" sizes=\"auto, (max-width: 1024px) 100vw, 1024px\" \/><\/figure>\n<\/figure>\n\n\n\n<p><\/p>\n","protected":false},"excerpt":{"rendered":"<p>\u201eNun war man also ein \u201aNicht-Arier\u2018 und durfte seine Photos in Deutschland nicht mehr publizieren, obwohl man als junge deutsche Frau von einer deutschen Presseagentur nach Spanien geschickt worden war.\u201c Marianne Breslauer, Fr\u00fchjahr 1933 Marianne Breslauer ist vor allem als Portr\u00e4tfotografin und Ikone der \u201eNeuen Frau\u201c der 1920er-Jahre bekannt. Weniger beachtet sind bisher ihre Reisefotografien &hellip; <\/p>\n<p class=\"link-more\"><a href=\"https:\/\/goldencalb.de\/?p=271\" class=\"more-link\">Mehr <span class=\"screen-reader-text\">\u00fcber &#8222;Marianne Breslauer: Reisebilder&#8220; <\/span>Lesen<\/a><\/p>\n","protected":false},"author":2,"featured_media":350,"comment_status":"closed","ping_status":"open","sticky":false,"template":"","format":"standard","meta":{"_jetpack_memberships_contains_paid_content":false,"footnotes":""},"categories":[19],"tags":[44,40,39,38,47,50,43,41,42,46],"class_list":["post-271","post","type-post","status-publish","format-standard","has-post-thumbnail","hentry","category-programm","tag-1920er","tag-exil","tag-exil-fotografin-berlin","tag-fotografiegeschichte","tag-history-of-photography","tag-jewish-photographers","tag-kirstin-buchinger","tag-marianne-breslauer","tag-walter-feilchenfeldt","tag-weimarer-republik-interwar-period"],"yoast_head":"<!-- This site is optimized with the Yoast SEO plugin v27.5 - https:\/\/yoast.com\/product\/yoast-seo-wordpress\/ -->\n<title>Marianne Breslauer: Reisebilder - GOLDENCALB Publishing<\/title>\n<meta name=\"robots\" content=\"index, follow, max-snippet:-1, max-image-preview:large, max-video-preview:-1\" \/>\n<link rel=\"canonical\" href=\"https:\/\/goldencalb.de\/?p=271\" \/>\n<meta property=\"og:locale\" content=\"de_DE\" \/>\n<meta property=\"og:type\" content=\"article\" \/>\n<meta property=\"og:title\" content=\"Marianne Breslauer: Reisebilder - GOLDENCALB Publishing\" \/>\n<meta property=\"og:description\" content=\"\u201eNun war man also ein \u201aNicht-Arier\u2018 und durfte seine Photos in Deutschland nicht mehr publizieren, obwohl man als junge deutsche Frau von einer deutschen Presseagentur nach Spanien geschickt worden war.\u201c Marianne Breslauer, Fr\u00fchjahr 1933 Marianne Breslauer ist vor allem als Portr\u00e4tfotografin und Ikone der \u201eNeuen Frau\u201c der 1920er-Jahre bekannt. Weniger beachtet sind bisher ihre Reisefotografien &hellip; Mehr \u00fcber &quot;Marianne Breslauer: Reisebilder&quot; Lesen\" \/>\n<meta property=\"og:url\" content=\"https:\/\/goldencalb.de\/?p=271\" \/>\n<meta property=\"og:site_name\" content=\"GOLDENCALB Publishing\" \/>\n<meta property=\"article:published_time\" content=\"2024-10-28T16:47:09+00:00\" \/>\n<meta property=\"article:modified_time\" content=\"2025-12-30T15:41:21+00:00\" \/>\n<meta property=\"og:image\" content=\"https:\/\/goldencalb.de\/wp-content\/uploads\/2024\/10\/FAB2C5C6-26E1-49AE-B0A2-8E8E990AA353.jpeg\" \/>\n\t<meta property=\"og:image:width\" content=\"1707\" \/>\n\t<meta property=\"og:image:height\" content=\"1255\" \/>\n\t<meta property=\"og:image:type\" content=\"image\/jpeg\" \/>\n<meta name=\"author\" content=\"Kirstin Buchinger\" \/>\n<meta name=\"twitter:card\" content=\"summary_large_image\" \/>\n<meta name=\"twitter:label1\" content=\"Verfasst von\" \/>\n\t<meta name=\"twitter:data1\" content=\"Kirstin Buchinger\" \/>\n\t<meta name=\"twitter:label2\" content=\"Gesch\u00e4tzte Lesezeit\" \/>\n\t<meta name=\"twitter:data2\" content=\"3\u00a0Minuten\" \/>\n<script type=\"application\/ld+json\" class=\"yoast-schema-graph\">{\"@context\":\"https:\\\/\\\/schema.org\",\"@graph\":[{\"@type\":\"Article\",\"@id\":\"https:\\\/\\\/goldencalb.de\\\/?p=271#article\",\"isPartOf\":{\"@id\":\"https:\\\/\\\/goldencalb.de\\\/?p=271\"},\"author\":{\"name\":\"Kirstin Buchinger\",\"@id\":\"https:\\\/\\\/goldencalb.de\\\/#\\\/schema\\\/person\\\/69a935ea1d6b185157451fbe70f92cdf\"},\"headline\":\"Marianne Breslauer: Reisebilder\",\"datePublished\":\"2024-10-28T16:47:09+00:00\",\"dateModified\":\"2025-12-30T15:41:21+00:00\",\"mainEntityOfPage\":{\"@id\":\"https:\\\/\\\/goldencalb.de\\\/?p=271\"},\"wordCount\":354,\"publisher\":{\"@id\":\"https:\\\/\\\/goldencalb.de\\\/#organization\"},\"image\":{\"@id\":\"https:\\\/\\\/goldencalb.de\\\/?p=271#primaryimage\"},\"thumbnailUrl\":\"https:\\\/\\\/goldencalb.de\\\/wp-content\\\/uploads\\\/2024\\\/10\\\/FAB2C5C6-26E1-49AE-B0A2-8E8E990AA353.jpeg\",\"keywords\":[\"1920er\",\"Exil\",\"Exil Fotografin Berlin\",\"Fotografiegeschichte\",\"History of Photography\",\"Jewish Photographers\",\"Kirstin Buchinger\",\"Marianne Breslauer\",\"Walter Feilchenfeldt\",\"Weimarer Republik Interwar Period\"],\"articleSection\":[\"Programm\"],\"inLanguage\":\"de\"},{\"@type\":\"WebPage\",\"@id\":\"https:\\\/\\\/goldencalb.de\\\/?p=271\",\"url\":\"https:\\\/\\\/goldencalb.de\\\/?p=271\",\"name\":\"Marianne Breslauer: Reisebilder - GOLDENCALB Publishing\",\"isPartOf\":{\"@id\":\"https:\\\/\\\/goldencalb.de\\\/#website\"},\"primaryImageOfPage\":{\"@id\":\"https:\\\/\\\/goldencalb.de\\\/?p=271#primaryimage\"},\"image\":{\"@id\":\"https:\\\/\\\/goldencalb.de\\\/?p=271#primaryimage\"},\"thumbnailUrl\":\"https:\\\/\\\/goldencalb.de\\\/wp-content\\\/uploads\\\/2024\\\/10\\\/FAB2C5C6-26E1-49AE-B0A2-8E8E990AA353.jpeg\",\"datePublished\":\"2024-10-28T16:47:09+00:00\",\"dateModified\":\"2025-12-30T15:41:21+00:00\",\"breadcrumb\":{\"@id\":\"https:\\\/\\\/goldencalb.de\\\/?p=271#breadcrumb\"},\"inLanguage\":\"de\",\"potentialAction\":[{\"@type\":\"ReadAction\",\"target\":[\"https:\\\/\\\/goldencalb.de\\\/?p=271\"]}]},{\"@type\":\"ImageObject\",\"inLanguage\":\"de\",\"@id\":\"https:\\\/\\\/goldencalb.de\\\/?p=271#primaryimage\",\"url\":\"https:\\\/\\\/goldencalb.de\\\/wp-content\\\/uploads\\\/2024\\\/10\\\/FAB2C5C6-26E1-49AE-B0A2-8E8E990AA353.jpeg\",\"contentUrl\":\"https:\\\/\\\/goldencalb.de\\\/wp-content\\\/uploads\\\/2024\\\/10\\\/FAB2C5C6-26E1-49AE-B0A2-8E8E990AA353.jpeg\",\"width\":1707,\"height\":1255,\"caption\":\"\u00a9 Walter & Konrad Feilchenfeldt \\\/ Courtesy Fotostiftung Schweiz\"},{\"@type\":\"BreadcrumbList\",\"@id\":\"https:\\\/\\\/goldencalb.de\\\/?p=271#breadcrumb\",\"itemListElement\":[{\"@type\":\"ListItem\",\"position\":1,\"name\":\"Startseite\",\"item\":\"https:\\\/\\\/goldencalb.de\\\/\"},{\"@type\":\"ListItem\",\"position\":2,\"name\":\"Marianne Breslauer: Reisebilder\"}]},{\"@type\":\"WebSite\",\"@id\":\"https:\\\/\\\/goldencalb.de\\\/#website\",\"url\":\"https:\\\/\\\/goldencalb.de\\\/\",\"name\":\"GOLDENCALB Publishing\",\"description\":\"Geschichte, Kunst, Kultur\",\"publisher\":{\"@id\":\"https:\\\/\\\/goldencalb.de\\\/#organization\"},\"potentialAction\":[{\"@type\":\"SearchAction\",\"target\":{\"@type\":\"EntryPoint\",\"urlTemplate\":\"https:\\\/\\\/goldencalb.de\\\/?s={search_term_string}\"},\"query-input\":{\"@type\":\"PropertyValueSpecification\",\"valueRequired\":true,\"valueName\":\"search_term_string\"}}],\"inLanguage\":\"de\"},{\"@type\":\"Organization\",\"@id\":\"https:\\\/\\\/goldencalb.de\\\/#organization\",\"name\":\"GOLDENCALB Publishing\",\"url\":\"https:\\\/\\\/goldencalb.de\\\/\",\"logo\":{\"@type\":\"ImageObject\",\"inLanguage\":\"de\",\"@id\":\"https:\\\/\\\/goldencalb.de\\\/#\\\/schema\\\/logo\\\/image\\\/\",\"url\":\"https:\\\/\\\/goldencalb.de\\\/wp-content\\\/uploads\\\/2023\\\/11\\\/cropped-cropped-cropped-IMG_3643.webp\",\"contentUrl\":\"https:\\\/\\\/goldencalb.de\\\/wp-content\\\/uploads\\\/2023\\\/11\\\/cropped-cropped-cropped-IMG_3643.webp\",\"width\":512,\"height\":512,\"caption\":\"GOLDENCALB Publishing\"},\"image\":{\"@id\":\"https:\\\/\\\/goldencalb.de\\\/#\\\/schema\\\/logo\\\/image\\\/\"}},{\"@type\":\"Person\",\"@id\":\"https:\\\/\\\/goldencalb.de\\\/#\\\/schema\\\/person\\\/69a935ea1d6b185157451fbe70f92cdf\",\"name\":\"Kirstin Buchinger\",\"url\":\"https:\\\/\\\/goldencalb.de\\\/?author=2\"}]}<\/script>\n<!-- \/ Yoast SEO plugin. -->","yoast_head_json":{"title":"Marianne Breslauer: Reisebilder - GOLDENCALB Publishing","robots":{"index":"index","follow":"follow","max-snippet":"max-snippet:-1","max-image-preview":"max-image-preview:large","max-video-preview":"max-video-preview:-1"},"canonical":"https:\/\/goldencalb.de\/?p=271","og_locale":"de_DE","og_type":"article","og_title":"Marianne Breslauer: Reisebilder - GOLDENCALB Publishing","og_description":"\u201eNun war man also ein \u201aNicht-Arier\u2018 und durfte seine Photos in Deutschland nicht mehr publizieren, obwohl man als junge deutsche Frau von einer deutschen Presseagentur nach Spanien geschickt worden war.\u201c Marianne Breslauer, Fr\u00fchjahr 1933 Marianne Breslauer ist vor allem als Portr\u00e4tfotografin und Ikone der \u201eNeuen Frau\u201c der 1920er-Jahre bekannt. Weniger beachtet sind bisher ihre Reisefotografien &hellip; Mehr \u00fcber \"Marianne Breslauer: Reisebilder\" Lesen","og_url":"https:\/\/goldencalb.de\/?p=271","og_site_name":"GOLDENCALB Publishing","article_published_time":"2024-10-28T16:47:09+00:00","article_modified_time":"2025-12-30T15:41:21+00:00","og_image":[{"width":1707,"height":1255,"url":"https:\/\/goldencalb.de\/wp-content\/uploads\/2024\/10\/FAB2C5C6-26E1-49AE-B0A2-8E8E990AA353.jpeg","type":"image\/jpeg"}],"author":"Kirstin Buchinger","twitter_card":"summary_large_image","twitter_misc":{"Verfasst von":"Kirstin Buchinger","Gesch\u00e4tzte Lesezeit":"3\u00a0Minuten"},"schema":{"@context":"https:\/\/schema.org","@graph":[{"@type":"Article","@id":"https:\/\/goldencalb.de\/?p=271#article","isPartOf":{"@id":"https:\/\/goldencalb.de\/?p=271"},"author":{"name":"Kirstin Buchinger","@id":"https:\/\/goldencalb.de\/#\/schema\/person\/69a935ea1d6b185157451fbe70f92cdf"},"headline":"Marianne Breslauer: Reisebilder","datePublished":"2024-10-28T16:47:09+00:00","dateModified":"2025-12-30T15:41:21+00:00","mainEntityOfPage":{"@id":"https:\/\/goldencalb.de\/?p=271"},"wordCount":354,"publisher":{"@id":"https:\/\/goldencalb.de\/#organization"},"image":{"@id":"https:\/\/goldencalb.de\/?p=271#primaryimage"},"thumbnailUrl":"https:\/\/goldencalb.de\/wp-content\/uploads\/2024\/10\/FAB2C5C6-26E1-49AE-B0A2-8E8E990AA353.jpeg","keywords":["1920er","Exil","Exil Fotografin Berlin","Fotografiegeschichte","History of Photography","Jewish Photographers","Kirstin Buchinger","Marianne Breslauer","Walter Feilchenfeldt","Weimarer Republik Interwar Period"],"articleSection":["Programm"],"inLanguage":"de"},{"@type":"WebPage","@id":"https:\/\/goldencalb.de\/?p=271","url":"https:\/\/goldencalb.de\/?p=271","name":"Marianne Breslauer: Reisebilder - GOLDENCALB Publishing","isPartOf":{"@id":"https:\/\/goldencalb.de\/#website"},"primaryImageOfPage":{"@id":"https:\/\/goldencalb.de\/?p=271#primaryimage"},"image":{"@id":"https:\/\/goldencalb.de\/?p=271#primaryimage"},"thumbnailUrl":"https:\/\/goldencalb.de\/wp-content\/uploads\/2024\/10\/FAB2C5C6-26E1-49AE-B0A2-8E8E990AA353.jpeg","datePublished":"2024-10-28T16:47:09+00:00","dateModified":"2025-12-30T15:41:21+00:00","breadcrumb":{"@id":"https:\/\/goldencalb.de\/?p=271#breadcrumb"},"inLanguage":"de","potentialAction":[{"@type":"ReadAction","target":["https:\/\/goldencalb.de\/?p=271"]}]},{"@type":"ImageObject","inLanguage":"de","@id":"https:\/\/goldencalb.de\/?p=271#primaryimage","url":"https:\/\/goldencalb.de\/wp-content\/uploads\/2024\/10\/FAB2C5C6-26E1-49AE-B0A2-8E8E990AA353.jpeg","contentUrl":"https:\/\/goldencalb.de\/wp-content\/uploads\/2024\/10\/FAB2C5C6-26E1-49AE-B0A2-8E8E990AA353.jpeg","width":1707,"height":1255,"caption":"\u00a9 Walter & Konrad Feilchenfeldt \/ Courtesy Fotostiftung Schweiz"},{"@type":"BreadcrumbList","@id":"https:\/\/goldencalb.de\/?p=271#breadcrumb","itemListElement":[{"@type":"ListItem","position":1,"name":"Startseite","item":"https:\/\/goldencalb.de\/"},{"@type":"ListItem","position":2,"name":"Marianne Breslauer: Reisebilder"}]},{"@type":"WebSite","@id":"https:\/\/goldencalb.de\/#website","url":"https:\/\/goldencalb.de\/","name":"GOLDENCALB Publishing","description":"Geschichte, Kunst, Kultur","publisher":{"@id":"https:\/\/goldencalb.de\/#organization"},"potentialAction":[{"@type":"SearchAction","target":{"@type":"EntryPoint","urlTemplate":"https:\/\/goldencalb.de\/?s={search_term_string}"},"query-input":{"@type":"PropertyValueSpecification","valueRequired":true,"valueName":"search_term_string"}}],"inLanguage":"de"},{"@type":"Organization","@id":"https:\/\/goldencalb.de\/#organization","name":"GOLDENCALB Publishing","url":"https:\/\/goldencalb.de\/","logo":{"@type":"ImageObject","inLanguage":"de","@id":"https:\/\/goldencalb.de\/#\/schema\/logo\/image\/","url":"https:\/\/goldencalb.de\/wp-content\/uploads\/2023\/11\/cropped-cropped-cropped-IMG_3643.webp","contentUrl":"https:\/\/goldencalb.de\/wp-content\/uploads\/2023\/11\/cropped-cropped-cropped-IMG_3643.webp","width":512,"height":512,"caption":"GOLDENCALB Publishing"},"image":{"@id":"https:\/\/goldencalb.de\/#\/schema\/logo\/image\/"}},{"@type":"Person","@id":"https:\/\/goldencalb.de\/#\/schema\/person\/69a935ea1d6b185157451fbe70f92cdf","name":"Kirstin Buchinger","url":"https:\/\/goldencalb.de\/?author=2"}]}},"jetpack_featured_media_url":"https:\/\/goldencalb.de\/wp-content\/uploads\/2024\/10\/FAB2C5C6-26E1-49AE-B0A2-8E8E990AA353.jpeg","jetpack_sharing_enabled":true,"_links":{"self":[{"href":"https:\/\/goldencalb.de\/index.php?rest_route=\/wp\/v2\/posts\/271","targetHints":{"allow":["GET"]}}],"collection":[{"href":"https:\/\/goldencalb.de\/index.php?rest_route=\/wp\/v2\/posts"}],"about":[{"href":"https:\/\/goldencalb.de\/index.php?rest_route=\/wp\/v2\/types\/post"}],"author":[{"embeddable":true,"href":"https:\/\/goldencalb.de\/index.php?rest_route=\/wp\/v2\/users\/2"}],"replies":[{"embeddable":true,"href":"https:\/\/goldencalb.de\/index.php?rest_route=%2Fwp%2Fv2%2Fcomments&post=271"}],"version-history":[{"count":18,"href":"https:\/\/goldencalb.de\/index.php?rest_route=\/wp\/v2\/posts\/271\/revisions"}],"predecessor-version":[{"id":526,"href":"https:\/\/goldencalb.de\/index.php?rest_route=\/wp\/v2\/posts\/271\/revisions\/526"}],"wp:featuredmedia":[{"embeddable":true,"href":"https:\/\/goldencalb.de\/index.php?rest_route=\/wp\/v2\/media\/350"}],"wp:attachment":[{"href":"https:\/\/goldencalb.de\/index.php?rest_route=%2Fwp%2Fv2%2Fmedia&parent=271"}],"wp:term":[{"taxonomy":"category","embeddable":true,"href":"https:\/\/goldencalb.de\/index.php?rest_route=%2Fwp%2Fv2%2Fcategories&post=271"},{"taxonomy":"post_tag","embeddable":true,"href":"https:\/\/goldencalb.de\/index.php?rest_route=%2Fwp%2Fv2%2Ftags&post=271"}],"curies":[{"name":"wp","href":"https:\/\/api.w.org\/{rel}","templated":true}]}}